

{"id":1071,"date":"2018-05-11T14:47:45","date_gmt":"2018-05-11T12:47:45","guid":{"rendered":"http:\/\/www.kunstindeheemtuin.nl\/?p=1071"},"modified":"2018-05-17T22:58:16","modified_gmt":"2018-05-17T20:58:16","slug":"opening-tentoonstelling","status":"publish","type":"post","link":"https:\/\/www.kunstindeheemtuin.nl\/?p=1071","title":{"rendered":"Opening tentoonstelling"},"content":{"rendered":"<p>Wethouder Jeff Gardeniers opent de tentoonstelling \u2018Heemtuin Verbeeld XI\u2019 op zaterdag 26 mei om 15 uur.<br \/>\nNa de opening (bij de &#8216;gouden boom&#8217; op de Waterschapsheuvel) bent u van harte uitgenodigd voor een uitgebreide rondleiding langs de beelden. Alle kunstenaars zijn zelf aanwezig om een toelichting te geven op hun werk. Dat geeft een unieke mogelijkheid om &#8216;het verhaal achter de beelden&#8217; te horen.<\/p>\n<p>De rondleiding wordt afgesloten met een hapje en een drankje.<\/p>\n<p>Het thema dit jaar is \u2018Chaos in orde\u2019.<\/p>\n<p>Doroth\u00e9 Arts, Jeannette Efra\u00efm, Mary Geradts, Remy Habets, Hans van Lunteren, Open (Natascha Morsink &amp; Petra Kn\u00f6tschke), Robert Pennekamp, Willem Speekenbrink en Patrick Visser exposeren sinds half april werk in het &#8216;oude deel&#8217; van de Heemtuin.<\/p>\n<p>Imke Beek, Bart Ensing, Arjen Lancel en Vgto maken op vrijdag 25 mei ter plekke een werk in de Heemtuin, bij de Waterschapsheuvel.<\/p>\n<p>Alle beelden zijn nog te zien tot eind oktober.<\/p>\n","protected":false},"excerpt":{"rendered":"<p>Wethouder Jeff Gardeniers opent de tentoonstelling \u2018Heemtuin Verbeeld XI\u2019 op zaterdag 26 mei om 15 uur. Na de opening (bij de &#8216;gouden boom&#8217; op de Waterschapsheuvel) bent u van harte uitgenodigd voor een uitgebreide rondleiding langs de beelden. Alle kunstenaars zijn zelf aanwezig om een toelichting te geven op hun werk. Dat geeft een unieke [&hellip;]<\/p>\n","protected":false},"author":8,"featured_media":1073,"comment_status":"closed","ping_status":"open","sticky":false,"template":"","format":"standard","meta":{"footnotes":""},"categories":[3],"tags":[],"class_list":["post-1071","post","type-post","status-publish","format-standard","has-post-thumbnail","hentry","category-frontpage"],"_links":{"self":[{"href":"https:\/\/www.kunstindeheemtuin.nl\/index.php?rest_route=\/wp\/v2\/posts\/1071","targetHints":{"allow":["GET"]}}],"collection":[{"href":"https:\/\/www.kunstindeheemtuin.nl\/index.php?rest_route=\/wp\/v2\/posts"}],"about":[{"href":"https:\/\/www.kunstindeheemtuin.nl\/index.php?rest_route=\/wp\/v2\/types\/post"}],"author":[{"embeddable":true,"href":"https:\/\/www.kunstindeheemtuin.nl\/index.php?rest_route=\/wp\/v2\/users\/8"}],"replies":[{"embeddable":true,"href":"https:\/\/www.kunstindeheemtuin.nl\/index.php?rest_route=%2Fwp%2Fv2%2Fcomments&post=1071"}],"version-history":[{"count":4,"href":"https:\/\/www.kunstindeheemtuin.nl\/index.php?rest_route=\/wp\/v2\/posts\/1071\/revisions"}],"predecessor-version":[{"id":1089,"href":"https:\/\/www.kunstindeheemtuin.nl\/index.php?rest_route=\/wp\/v2\/posts\/1071\/revisions\/1089"}],"wp:featuredmedia":[{"embeddable":true,"href":"https:\/\/www.kunstindeheemtuin.nl\/index.php?rest_route=\/wp\/v2\/media\/1073"}],"wp:attachment":[{"href":"https:\/\/www.kunstindeheemtuin.nl\/index.php?rest_route=%2Fwp%2Fv2%2Fmedia&parent=1071"}],"wp:term":[{"taxonomy":"category","embeddable":true,"href":"https:\/\/www.kunstindeheemtuin.nl\/index.php?rest_route=%2Fwp%2Fv2%2Fcategories&post=1071"},{"taxonomy":"post_tag","embeddable":true,"href":"https:\/\/www.kunstindeheemtuin.nl\/index.php?rest_route=%2Fwp%2Fv2%2Ftags&post=1071"}],"curies":[{"name":"wp","href":"https:\/\/api.w.org\/{rel}","templated":true}]}}