

{"id":1049,"date":"2018-04-23T21:20:36","date_gmt":"2018-04-23T19:20:36","guid":{"rendered":"http:\/\/www.kunstindeheemtuin.nl\/?p=1049"},"modified":"2018-05-11T15:22:42","modified_gmt":"2018-05-11T13:22:42","slug":"nieuwe-beelden-geplaatst","status":"publish","type":"post","link":"https:\/\/www.kunstindeheemtuin.nl\/?p=1049","title":{"rendered":"Nieuwe beelden geplaatst"},"content":{"rendered":"<p>De eerste nieuwe beelden zijn op woensdag 18 april geplaatst in de Heemtuin. Alle beelden hebben een relatie met het thema &#8216;Chaos in orde&#8217;, dit jaar uitgangspunt voor de beeldententoonstelling. Wie wandelt in de Heemtuin, kan zo niet alleen genieten van de ontluikende natuur, maar wordt ook verrast door de nieuwe kunstwerken.<!--more--><\/p>\n<p>De beelden die nu geplaatst zijn in het &#8216;oude&#8217; deel van de Heemtuin langs de Persant Snoepweg zijn gemaakt door Patrick Visser, Mary Geradts, Hans van Lunteren, Open (Natascha Morsink en Petra Kn\u00f6tschke), Jeannette Ephra\u00efm, Remy Habets, Robert Pennekamp, Doroth\u00e9 Arts en Willem Speekenbrink.<\/p>\n<p>In mei maken nog vier kunstenaars ter plekke een werk rondom de Waterschapsheuvel tijdens een &#8216;Open atelier&#8217;. De offici\u00eble opening van de tentoonstelling is op zaterdag 26 mei.<\/p>\n","protected":false},"excerpt":{"rendered":"<p>De eerste nieuwe beelden zijn op woensdag 18 april geplaatst in de Heemtuin. Alle beelden hebben een relatie met het thema &#8216;Chaos in orde&#8217;, dit jaar uitgangspunt voor de beeldententoonstelling. Wie wandelt in de Heemtuin, kan zo niet alleen genieten van de ontluikende natuur, maar wordt ook verrast door de nieuwe kunstwerken.<\/p>\n","protected":false},"author":8,"featured_media":1050,"comment_status":"closed","ping_status":"open","sticky":false,"template":"","format":"standard","meta":{"footnotes":""},"categories":[3],"tags":[],"class_list":["post-1049","post","type-post","status-publish","format-standard","has-post-thumbnail","hentry","category-frontpage"],"_links":{"self":[{"href":"https:\/\/www.kunstindeheemtuin.nl\/index.php?rest_route=\/wp\/v2\/posts\/1049","targetHints":{"allow":["GET"]}}],"collection":[{"href":"https:\/\/www.kunstindeheemtuin.nl\/index.php?rest_route=\/wp\/v2\/posts"}],"about":[{"href":"https:\/\/www.kunstindeheemtuin.nl\/index.php?rest_route=\/wp\/v2\/types\/post"}],"author":[{"embeddable":true,"href":"https:\/\/www.kunstindeheemtuin.nl\/index.php?rest_route=\/wp\/v2\/users\/8"}],"replies":[{"embeddable":true,"href":"https:\/\/www.kunstindeheemtuin.nl\/index.php?rest_route=%2Fwp%2Fv2%2Fcomments&post=1049"}],"version-history":[{"count":10,"href":"https:\/\/www.kunstindeheemtuin.nl\/index.php?rest_route=\/wp\/v2\/posts\/1049\/revisions"}],"predecessor-version":[{"id":1084,"href":"https:\/\/www.kunstindeheemtuin.nl\/index.php?rest_route=\/wp\/v2\/posts\/1049\/revisions\/1084"}],"wp:featuredmedia":[{"embeddable":true,"href":"https:\/\/www.kunstindeheemtuin.nl\/index.php?rest_route=\/wp\/v2\/media\/1050"}],"wp:attachment":[{"href":"https:\/\/www.kunstindeheemtuin.nl\/index.php?rest_route=%2Fwp%2Fv2%2Fmedia&parent=1049"}],"wp:term":[{"taxonomy":"category","embeddable":true,"href":"https:\/\/www.kunstindeheemtuin.nl\/index.php?rest_route=%2Fwp%2Fv2%2Fcategories&post=1049"},{"taxonomy":"post_tag","embeddable":true,"href":"https:\/\/www.kunstindeheemtuin.nl\/index.php?rest_route=%2Fwp%2Fv2%2Ftags&post=1049"}],"curies":[{"name":"wp","href":"https:\/\/api.w.org\/{rel}","templated":true}]}}